{"id":847,"date":"2025-08-27T21:41:10","date_gmt":"2025-08-27T21:41:10","guid":{"rendered":"https:\/\/naturales.ues.edu.sv\/matematica\/?p=847"},"modified":"2025-08-27T21:41:11","modified_gmt":"2025-08-27T21:41:11","slug":"seminario-del-area-de-estadistica","status":"publish","type":"post","link":"https:\/\/naturales.ues.edu.sv\/matematica\/2025\/08\/27\/seminario-del-area-de-estadistica\/","title":{"rendered":"Seminario del \u00e1rea de Estad\u00edstica"},"content":{"rendered":"\n<p>La Facultad de Ciencias Naturales y Matem\u00e1tica a trav\u00e9s de la Escuela de Matem\u00e1tica UES te invita a participar en el seminario del \u00e1rea de Estad\u00edstica a cargo de Dr. Jes\u00fas Javier Rodr\u00edguez Sala<\/p>\n\n\n\n<p>\ud83d\udcccViernes 29 de agosto a partir de las 10:30 a.m.<\/p>\n","protected":false},"excerpt":{"rendered":"<p>La Facultad de Ciencias Naturales y Matem\u00e1tica a trav\u00e9s de la Escuela de Matem\u00e1tica UES te invita a participar en el seminario del \u00e1rea de Estad\u00edstica a cargo de Dr.&hellip;<\/p>\n","protected":false},"author":4,"featured_media":848,"comment_status":"open","ping_status":"open","sticky":false,"template":"","format":"standard","meta":{"footnotes":""},"categories":[5],"tags":[],"class_list":["post-847","post","type-post","status-publish","format-standard","has-post-thumbnail","hentry","category-aviso"],"_links":{"self":[{"href":"https:\/\/naturales.ues.edu.sv\/matematica\/wp-json\/wp\/v2\/posts\/847","targetHints":{"allow":["GET"]}}],"collection":[{"href":"https:\/\/naturales.ues.edu.sv\/matematica\/wp-json\/wp\/v2\/posts"}],"about":[{"href":"https:\/\/naturales.ues.edu.sv\/matematica\/wp-json\/wp\/v2\/types\/post"}],"author":[{"embeddable":true,"href":"https:\/\/naturales.ues.edu.sv\/matematica\/wp-json\/wp\/v2\/users\/4"}],"replies":[{"embeddable":true,"href":"https:\/\/naturales.ues.edu.sv\/matematica\/wp-json\/wp\/v2\/comments?post=847"}],"version-history":[{"count":1,"href":"https:\/\/naturales.ues.edu.sv\/matematica\/wp-json\/wp\/v2\/posts\/847\/revisions"}],"predecessor-version":[{"id":849,"href":"https:\/\/naturales.ues.edu.sv\/matematica\/wp-json\/wp\/v2\/posts\/847\/revisions\/849"}],"wp:featuredmedia":[{"embeddable":true,"href":"https:\/\/naturales.ues.edu.sv\/matematica\/wp-json\/wp\/v2\/media\/848"}],"wp:attachment":[{"href":"https:\/\/naturales.ues.edu.sv\/matematica\/wp-json\/wp\/v2\/media?parent=847"}],"wp:term":[{"taxonomy":"category","embeddable":true,"href":"https:\/\/naturales.ues.edu.sv\/matematica\/wp-json\/wp\/v2\/categories?post=847"},{"taxonomy":"post_tag","embeddable":true,"href":"https:\/\/naturales.ues.edu.sv\/matematica\/wp-json\/wp\/v2\/tags?post=847"}],"curies":[{"name":"wp","href":"https:\/\/api.w.org\/{rel}","templated":true}]}}