{"id":1871,"date":"2022-12-13T16:35:28","date_gmt":"2022-12-13T16:35:28","guid":{"rendered":"http:\/\/www.cimat.ues.edu.sv\/subunidadambiental\/?p=1871"},"modified":"2022-12-13T16:43:29","modified_gmt":"2022-12-13T16:43:29","slug":"pinus","status":"publish","type":"post","link":"https:\/\/naturales.ues.edu.sv\/subunidadambiental\/2022\/12\/13\/pinus\/","title":{"rendered":"Pinus"},"content":{"rendered":"\n\n\n<p><\/p>\n\n\n\n<div class=\"guten-element gutenverse-text-editor guten-gup0kq\"><div class=\"text-content-inner\">\n<p><strong><em>PINUS:<\/em><\/strong><\/p>\n<\/div><\/div>\n\n\n\n<div class=\"guten-element guten-accordions guten-QoVXU0\">\n<div class=\"accordion-item\"><div class=\"accordion-heading\"><div class=\"accordion-icon\"><span class=\"accordion-icon-open\"><i class=\"fas fa-minus\"><\/i><\/span><span class=\"accordion-icon-closed\"><i class=\"fas fa-plus\"><\/i><\/span><\/div><span class=\"accordion-text\">Taxonom\u00eda<\/span><\/div><div class=\"accordion-body\"><div class=\"accordion-content\">\n<figure class=\"wp-block-table is-style-stripes\"><table><thead><tr><th>Elementos<\/th><th>Descripci\u00f3n<\/th><\/tr><\/thead><tbody><tr><td><strong>Reino:<\/strong><\/td><td>Plantae<\/td><\/tr><tr><td><strong>Divisi\u00f3n:<\/strong><\/td><td>Spermatophyta<\/td><\/tr><tr><td><strong>Orden<\/strong><\/td><td>Pinales<\/td><\/tr><tr><td><strong>Familia:<\/strong><\/td><td>Pinacea<\/td><\/tr><tr><td><strong>Nombre cient\u00edfico:<\/strong><\/td><td><em>Pinus<\/em><\/td><\/tr><tr><td><strong>Nombre com\u00fan:<\/strong><\/td><td>pino<\/td><\/tr><\/tbody><\/table><\/figure>\n<\/div><\/div><\/div>\n<\/div>\n\n\n\n<div class=\"guten-element guten-accordions guten-qyuobD\">\n<div class=\"accordion-item\"><div class=\"accordion-heading\"><div class=\"accordion-icon\"><span class=\"accordion-icon-open\"><i class=\"fas fa-minus\"><\/i><\/span><span class=\"accordion-icon-closed\"><i class=\"fas fa-plus\"><\/i><\/span><\/div><span class=\"accordion-text\">Caracter\u00edsticas de la especie<\/span><\/div><div class=\"accordion-body\"><div class=\"accordion-content\">\n<figure class=\"wp-block-table is-style-stripes\"><table><thead><tr><th>Elementos<\/th><th>Descripci\u00f3n<\/th><\/tr><\/thead><tbody><tr><td><strong>Descripci\u00f3n:<\/strong><\/td><td>Es un&nbsp;<a href=\"https:\/\/es.wikipedia.org\/wiki\/%C3%81rbol\">\u00e1rbol<\/a>&nbsp;que alcanza un tama\u00f1o de 15 a 25 m de altura, con el tronco grueso y la corteza gris o caf\u00e9-rojiza. Las hojas son de color verde olivo o verde pasto, y miden de 12 a 30 cm de largo. Tiene conos solitarios o en dos que se abren al madurar como rosas y son caf\u00e9 amarillento con brillo o caf\u00e9 rojizo. Sus hojas crecen en grupos de 3 a 5, miden de 11 a 30 cm, son rectas, r\u00edgidas o a veces laxas, la base de la hoja envuelta en una vaina de hasta 2.5 cm de largo. Los conos semilleros son ovoides o subglobosos con la base plana, miden 3 a 10 cm de largo por 3 a 12 cm de ancho. Est\u00e1n cubiertos por 70 a 130 escamas, sim\u00e9tricas, oblongas rectas o ligeramente curvas. &nbsp;<\/td><\/tr><tr><td><strong>Distribuci\u00f3n:<\/strong><\/td><td>Desde el estado de&nbsp;<a href=\"https:\/\/es.wikipedia.org\/wiki\/Chihuahua\">Chihuahua<\/a>,&nbsp;<a href=\"https:\/\/es.wikipedia.org\/wiki\/M%C3%A9xico\">M\u00e9xico<\/a>, y&nbsp;<a href=\"https:\/\/es.wikipedia.org\/wiki\/Guatemala\">Guatemala<\/a>&nbsp;a las m\u00e1s altas elevaciones de&nbsp;<a href=\"https:\/\/es.wikipedia.org\/wiki\/Honduras\">Honduras<\/a>,&nbsp;<a href=\"https:\/\/es.wikipedia.org\/wiki\/El_Salvador\">El Salvador<\/a>&nbsp;y Noroeste de&nbsp;<a href=\"https:\/\/es.wikipedia.org\/wiki\/Nicaragua\">Nicaragua<\/a>. En&nbsp;<a href=\"https:\/\/es.wikipedia.org\/wiki\/M%C3%A9xico\">M\u00e9xico<\/a>&nbsp;habita entre los 150m y 2400 m sobre el nivel del mar. En&nbsp;<a href=\"https:\/\/es.wikipedia.org\/wiki\/El_Salvador\">El Salvador<\/a>,&nbsp;<a href=\"https:\/\/es.wikipedia.org\/wiki\/Honduras\">Honduras<\/a>&nbsp;y&nbsp;<a href=\"https:\/\/es.wikipedia.org\/wiki\/Nicaragua\">Nicaragua<\/a>&nbsp;crece arriba de los 1100 metros. Su distribuci\u00f3n natural est\u00e1 entre los 29\u00b0 y los 14\u00b0 latitud Norte. Necesita de 15 a 24&nbsp;\u00b0C para un buen desarrollo. Las necesidades de lluvia oscilan entre los 1000-1900 mm al a\u00f1o. La variedad&nbsp;<em>P. oocarpa&nbsp;<\/em>var.&nbsp;<em>trifoliata&nbsp;<\/em>crece entre los 2000 y 2400 m sobre el nivel del mar. Introducido para la producci\u00f3n comercial de madera para la industria papelera en&nbsp;<a href=\"https:\/\/es.wikipedia.org\/wiki\/Ecuador\">Ecuador<\/a>,&nbsp;<a href=\"https:\/\/es.wikipedia.org\/wiki\/Kenia\">Kenia<\/a>,&nbsp;<a href=\"https:\/\/es.wikipedia.org\/wiki\/Zambia\">Zambia<\/a>,&nbsp;<a href=\"https:\/\/es.wikipedia.org\/wiki\/Colombia\">Colombia<\/a>,&nbsp;<a href=\"https:\/\/es.wikipedia.org\/wiki\/Bolivia\">Bolivia<\/a>,&nbsp;<a href=\"https:\/\/es.wikipedia.org\/wiki\/Queensland\">Queensland<\/a>&nbsp;(<a href=\"https:\/\/es.wikipedia.org\/wiki\/Australia\">Australia<\/a>),&nbsp;<a href=\"https:\/\/es.wikipedia.org\/wiki\/Brasil\">Brasil<\/a>&nbsp;y&nbsp;<a href=\"https:\/\/es.wikipedia.org\/wiki\/Sud%C3%A1frica\">Sud\u00e1frica<\/a>.<\/td><\/tr><tr><td><strong>Usos:<\/strong><\/td><td><strong>Medicinal:<\/strong> se le emplea medicinalmente en los estados sure\u00f1os de la costa occidental de&nbsp;<a href=\"https:\/\/es.wikipedia.org\/wiki\/M%C3%A9xico\">M\u00e9xico<\/a>&nbsp;como&nbsp;<a href=\"https:\/\/es.wikipedia.org\/wiki\/Estado_de_Guerrero\">Estado de Guerrero<\/a>,&nbsp;<a href=\"https:\/\/es.wikipedia.org\/wiki\/Oaxaca\">Oaxaca<\/a>&nbsp;y&nbsp;<a href=\"https:\/\/es.wikipedia.org\/wiki\/Chiapas\">Chiapas<\/a>. Contra la&nbsp;<a href=\"https:\/\/es.wikipedia.org\/wiki\/Disenter%C3%ADa\">disenter\u00eda<\/a>&nbsp;(roja o blanca) se recomienda una infusi\u00f3n con las hojas como agua de tiempo. Para las ansias (<a href=\"https:\/\/es.wikipedia.org\/wiki\/Asma_bronquial\">asma bronquial<\/a>), se prepara la corteza en cocci\u00f3n y se administra por v\u00eda oral. Por otra parte, para cauterizar el&nbsp;<a href=\"https:\/\/es.wikipedia.org\/wiki\/Cord%C3%B3n_umbilical\">cord\u00f3n umbilical<\/a>&nbsp;de los reci\u00e9n nacidos, el mu\u00f1\u00f3n se quema con un ocote y se le aplica una mezcla de&nbsp;<a href=\"https:\/\/es.wikipedia.org\/wiki\/Aceite_de_oliva\">aceite de oliva<\/a>&nbsp;y&nbsp;<a href=\"https:\/\/es.wikipedia.org\/wiki\/Parafina\">parafina<\/a>&nbsp;o&nbsp;<a href=\"https:\/\/es.wikipedia.org\/wiki\/Cera\">cera de abeja<\/a>.<\/td><\/tr><tr><td><strong>Referencias consultadas:<\/strong><\/td><td>&#8211; Eguiluz T. 1982.Clima y Distribuci\u00f3n del g\u00e9nero pinus en M\u00e9xico. Distrito Federal. Mexico.<br>&#8211; Rzedowski J. 1983. Vegetaci\u00f3n de M\u00e9xico. Distrito Federal, Mexico.<br>&#8211; Dvorak, W. S., G. R. Hodge, E. A. Guti\u00e9rrez, L. F. Osorio, F. S. Malan and T. K. Stanger. *2000. Conservation and Testing of Tropical and Subtropical Forest Species by the CAMCORE Cooperative. College of Natural Resources, NCSU. Raleigh, NC. USA.<br>&#8211; Mart\u00ednez, Maximinio. 1978. Cat\u00e1logo de nombres vulgares y cient\u00edficos de plantas mexicanas <strong>&nbsp;<\/strong><\/td><\/tr><\/tbody><\/table><figcaption class=\"wp-element-caption\">Flora Especie 15 (Zona 5)<\/figcaption><\/figure>\n<\/div><\/div><\/div>\n<\/div>\n","protected":false},"excerpt":{"rendered":"","protected":false},"author":2,"featured_media":1875,"comment_status":"closed","ping_status":"closed","sticky":false,"template":"","format":"standard","meta":{"footnotes":""},"categories":[17],"tags":[],"class_list":["post-1871","post","type-post","status-publish","format-standard","has-post-thumbnail","hentry","category-zona5"],"_links":{"self":[{"href":"https:\/\/naturales.ues.edu.sv\/subunidadambiental\/wp-json\/wp\/v2\/posts\/1871","targetHints":{"allow":["GET"]}}],"collection":[{"href":"https:\/\/naturales.ues.edu.sv\/subunidadambiental\/wp-json\/wp\/v2\/posts"}],"about":[{"href":"https:\/\/naturales.ues.edu.sv\/subunidadambiental\/wp-json\/wp\/v2\/types\/post"}],"author":[{"embeddable":true,"href":"https:\/\/naturales.ues.edu.sv\/subunidadambiental\/wp-json\/wp\/v2\/users\/2"}],"replies":[{"embeddable":true,"href":"https:\/\/naturales.ues.edu.sv\/subunidadambiental\/wp-json\/wp\/v2\/comments?post=1871"}],"version-history":[{"count":5,"href":"https:\/\/naturales.ues.edu.sv\/subunidadambiental\/wp-json\/wp\/v2\/posts\/1871\/revisions"}],"predecessor-version":[{"id":1882,"href":"https:\/\/naturales.ues.edu.sv\/subunidadambiental\/wp-json\/wp\/v2\/posts\/1871\/revisions\/1882"}],"wp:featuredmedia":[{"embeddable":true,"href":"https:\/\/naturales.ues.edu.sv\/subunidadambiental\/wp-json\/wp\/v2\/media\/1875"}],"wp:attachment":[{"href":"https:\/\/naturales.ues.edu.sv\/subunidadambiental\/wp-json\/wp\/v2\/media?parent=1871"}],"wp:term":[{"taxonomy":"category","embeddable":true,"href":"https:\/\/naturales.ues.edu.sv\/subunidadambiental\/wp-json\/wp\/v2\/categories?post=1871"},{"taxonomy":"post_tag","embeddable":true,"href":"https:\/\/naturales.ues.edu.sv\/subunidadambiental\/wp-json\/wp\/v2\/tags?post=1871"}],"curies":[{"name":"wp","href":"https:\/\/api.w.org\/{rel}","templated":true}]}}