{"id":307,"date":"2022-11-08T18:26:37","date_gmt":"2022-11-08T18:26:37","guid":{"rendered":"http:\/\/www.cimat.ues.edu.sv\/subunidadambiental\/?p=307"},"modified":"2022-12-05T16:37:57","modified_gmt":"2022-12-05T16:37:57","slug":"flora-especie-5","status":"publish","type":"post","link":"https:\/\/naturales.ues.edu.sv\/subunidadambiental\/2022\/11\/08\/flora-especie-5\/","title":{"rendered":"Chrysophyllum cainito"},"content":{"rendered":"\n\n\n<p><\/p>\n\n\n\n<div class=\"guten-element gutenverse-text-editor guten-gup0kq\"><div class=\"text-content-inner\">\n<p><strong><em>CHRYSOPHYLLUM CAINITO:<\/em><\/strong><\/p>\n<\/div><\/div>\n\n\n\n<div class=\"guten-element gutenverse-text-editor guten-GAHZTz\"><div class=\"text-content-inner\"><\/div><\/div>\n\n\n\n<div class=\"guten-element gutenverse-text-editor guten-ovmTXk\"><div class=\"text-content-inner\"><\/div><\/div>\n\n\n\n<div class=\"guten-element gutenverse-text-editor guten-gQ04fz\"><div class=\"text-content-inner\"><\/div><\/div>\n\n\n\n<div class=\"guten-element gutenverse-text-editor guten-dIGQ3t\"><div class=\"text-content-inner\"><\/div><\/div>\n\n\n\n<div class=\"guten-element guten-accordions guten-PbRSjF\">\n<div class=\"accordion-item\"><div class=\"accordion-heading\"><div class=\"accordion-icon\"><span class=\"accordion-icon-open\"><i class=\"fas fa-minus\"><\/i><\/span><span class=\"accordion-icon-closed\"><i class=\"fas fa-plus\"><\/i><\/span><\/div><span class=\"accordion-text\">Taxonom\u00eda<\/span><\/div><div class=\"accordion-body\"><div class=\"accordion-content\">\n<figure class=\"wp-block-table is-style-stripes\"><table><thead><tr><th>Elementos<\/th><th>Descripci\u00f3n<\/th><\/tr><\/thead><tbody><tr><td><strong>Reino:<\/strong><\/td><td>Plantae<\/td><\/tr><tr><td><strong>Divisi\u00f3n:<\/strong><\/td><td>Magnoliophyta<\/td><\/tr><tr><td><strong>Orden<\/strong><\/td><td>Ericales<\/td><\/tr><tr><td><strong>Familia:<\/strong><\/td><td>Sapotaceae<\/td><\/tr><tr><td><strong>Nombre cient\u00edfico:<\/strong><\/td><td><em>Chrysophyllum cainito<\/em><\/td><\/tr><tr><td><strong>Nombre com\u00fan:<\/strong><\/td><td>Caimito\/ Caimito<\/td><\/tr><\/tbody><\/table><\/figure>\n<\/div><\/div><\/div>\n<\/div>\n\n\n\n<div class=\"guten-element guten-accordions guten-63m7Jh\">\n<div class=\"accordion-item\"><div class=\"accordion-heading\"><div class=\"accordion-icon\"><span class=\"accordion-icon-open\"><i class=\"fas fa-minus\"><\/i><\/span><span class=\"accordion-icon-closed\"><i class=\"fas fa-plus\"><\/i><\/span><\/div><span class=\"accordion-text\">Caracter\u00edsticas de la especie<\/span><\/div><div class=\"accordion-body\"><div class=\"accordion-content\">\n<figure class=\"wp-block-table is-style-stripes\"><table><thead><tr><th>Elementos<\/th><th>Descripci\u00f3n<\/th><\/tr><\/thead><tbody><tr><td><strong>Descripci\u00f3n:<\/strong><\/td><td>Es un \u00e1rbol tropical, considerado en M\u00e9xico como Especie Ex\u00f3tica, pertenece a la familia Sapotaceae, Mide entre 10 y 25 m de altura, con hojas simples, alternas, cori\u00e1ceas y el\u00edpticas, posee flores de color crema amarillento, fruto en forma de baya de color verde claro o morado oscuro, su c\u00e1scara contiene l\u00e1tex.&nbsp;<\/td><\/tr><tr><td><strong>Distribuci\u00f3n:<\/strong><\/td><td>Originario de las \u00e1reas de baja elevaci\u00f3n de Am\u00e9rica Central y del Caribe, Se distribuye desde el sureste de M\u00e9xico hasta Colombia.<\/td><\/tr><tr><td><strong>Usos:<\/strong><\/td><td><strong>Alimenticio:<\/strong> Sus frutos se utilizan como alimento afrodis\u00edaco y las hojas como remedio para la diabetes y el reumatismo articular.<\/td><\/tr><tr><td><strong>Referencias consultadas:<\/strong><\/td><td>\u22b7&nbsp;&nbsp;&nbsp;&nbsp; Comisi\u00f3n Nacional para el Conocimiento y Uso de la Biodiversidad (CONABIO). Enciclovida: <em>Chrysophyllum cainito<\/em>. 19 Sep 2022. Disponible en: <a href=\"https:\/\/enciclovida.mx\/especies\/167457-chrysophyllum-cainito\">https:\/\/enciclovida.mx\/especies\/167457-chrysophyllum-cainito<\/a><br>\u22b7&nbsp;&nbsp;&nbsp;&nbsp; Chrysophyllum cainito&nbsp;L.&nbsp;in&nbsp;GBIF Secretariat (2021). GBIF Backbone Taxonomy. Checklist dataset&nbsp;<a rel=\"noreferrer noopener\" href=\"https:\/\/doi.org\/10.15468\/39omei\" target=\"_blank\">https:\/\/doi.org\/10.15468\/39omei<\/a>&nbsp;accessed via GBIF.org on 2022-09-27. <strong>&nbsp;<\/strong><\/td><\/tr><\/tbody><\/table><figcaption class=\"wp-element-caption\">Flora Especie 5 (Zona 1)<\/figcaption><\/figure>\n<\/div><\/div><\/div>\n<\/div>\n","protected":false},"excerpt":{"rendered":"","protected":false},"author":2,"featured_media":374,"comment_status":"closed","ping_status":"closed","sticky":false,"template":"","format":"standard","meta":{"footnotes":""},"categories":[5],"tags":[],"class_list":["post-307","post","type-post","status-publish","format-standard","has-post-thumbnail","hentry","category-zona1"],"_links":{"self":[{"href":"https:\/\/naturales.ues.edu.sv\/subunidadambiental\/wp-json\/wp\/v2\/posts\/307","targetHints":{"allow":["GET"]}}],"collection":[{"href":"https:\/\/naturales.ues.edu.sv\/subunidadambiental\/wp-json\/wp\/v2\/posts"}],"about":[{"href":"https:\/\/naturales.ues.edu.sv\/subunidadambiental\/wp-json\/wp\/v2\/types\/post"}],"author":[{"embeddable":true,"href":"https:\/\/naturales.ues.edu.sv\/subunidadambiental\/wp-json\/wp\/v2\/users\/2"}],"replies":[{"embeddable":true,"href":"https:\/\/naturales.ues.edu.sv\/subunidadambiental\/wp-json\/wp\/v2\/comments?post=307"}],"version-history":[{"count":7,"href":"https:\/\/naturales.ues.edu.sv\/subunidadambiental\/wp-json\/wp\/v2\/posts\/307\/revisions"}],"predecessor-version":[{"id":1461,"href":"https:\/\/naturales.ues.edu.sv\/subunidadambiental\/wp-json\/wp\/v2\/posts\/307\/revisions\/1461"}],"wp:featuredmedia":[{"embeddable":true,"href":"https:\/\/naturales.ues.edu.sv\/subunidadambiental\/wp-json\/wp\/v2\/media\/374"}],"wp:attachment":[{"href":"https:\/\/naturales.ues.edu.sv\/subunidadambiental\/wp-json\/wp\/v2\/media?parent=307"}],"wp:term":[{"taxonomy":"category","embeddable":true,"href":"https:\/\/naturales.ues.edu.sv\/subunidadambiental\/wp-json\/wp\/v2\/categories?post=307"},{"taxonomy":"post_tag","embeddable":true,"href":"https:\/\/naturales.ues.edu.sv\/subunidadambiental\/wp-json\/wp\/v2\/tags?post=307"}],"curies":[{"name":"wp","href":"https:\/\/api.w.org\/{rel}","templated":true}]}}