{"id":309,"date":"2022-11-08T18:27:33","date_gmt":"2022-11-08T18:27:33","guid":{"rendered":"http:\/\/www.cimat.ues.edu.sv\/subunidadambiental\/?p=309"},"modified":"2022-12-05T16:40:26","modified_gmt":"2022-12-05T16:40:26","slug":"flora-especie-6","status":"publish","type":"post","link":"https:\/\/naturales.ues.edu.sv\/subunidadambiental\/2022\/11\/08\/flora-especie-6\/","title":{"rendered":"Mammea americana L."},"content":{"rendered":"\n\n\n<p><\/p>\n\n\n\n<div class=\"guten-element gutenverse-text-editor guten-gup0kq\"><div class=\"text-content-inner\">\n<p><strong><em>MAMMEA AMERICANA L:<\/em><\/strong><\/p>\n<\/div><\/div>\n\n\n\n<div class=\"guten-element gutenverse-text-editor guten-GAHZTz\"><div class=\"text-content-inner\"><\/div><\/div>\n\n\n\n<div class=\"guten-element gutenverse-text-editor guten-ovmTXk\"><div class=\"text-content-inner\"><\/div><\/div>\n\n\n\n<div class=\"guten-element gutenverse-text-editor guten-gQ04fz\"><div class=\"text-content-inner\"><\/div><\/div>\n\n\n\n<div class=\"guten-element gutenverse-text-editor guten-dIGQ3t\"><div class=\"text-content-inner\"><\/div><\/div>\n\n\n\n<div class=\"guten-element gutenverse-text-editor guten-kWyVJ8\"><div class=\"text-content-inner\"><\/div><\/div>\n\n\n\n<div class=\"guten-element guten-accordions guten-i3ndYg\">\n<div class=\"accordion-item\"><div class=\"accordion-heading\"><div class=\"accordion-icon\"><span class=\"accordion-icon-open\"><i class=\"fas fa-minus\"><\/i><\/span><span class=\"accordion-icon-closed\"><i class=\"fas fa-plus\"><\/i><\/span><\/div><span class=\"accordion-text\">Taxonom\u00eda<\/span><\/div><div class=\"accordion-body\"><div class=\"accordion-content\">\n<figure class=\"wp-block-table is-style-stripes\"><table><thead><tr><th>Elementos<\/th><th>Descripci\u00f3n<\/th><\/tr><\/thead><tbody><tr><td><strong>Reino:<\/strong><\/td><td>Plantae<\/td><\/tr><tr><td><strong>Divisi\u00f3n:<\/strong><\/td><td>Magnoliophyta<\/td><\/tr><tr><td><strong>Orden<\/strong><\/td><td>Malpighiales<\/td><\/tr><tr><td><strong>Familia:<\/strong><\/td><td>Calophyllaceae<\/td><\/tr><tr><td><strong>Nombre cient\u00edfico:<\/strong><\/td><td>Mammea americana L.<\/td><\/tr><tr><td><strong>Nombre com\u00fan:<\/strong><\/td><td>Mamey<\/td><\/tr><\/tbody><\/table><\/figure>\n<\/div><\/div><\/div>\n<\/div>\n\n\n\n<div class=\"guten-element guten-accordions guten-2vMnjj\">\n<div class=\"accordion-item\"><div class=\"accordion-heading\"><div class=\"accordion-icon\"><span class=\"accordion-icon-open\"><i class=\"fas fa-minus\"><\/i><\/span><span class=\"accordion-icon-closed\"><i class=\"fas fa-plus\"><\/i><\/span><\/div><span class=\"accordion-text\">Caracter\u00edsticas de la especie<\/span><\/div><div class=\"accordion-body\"><div class=\"accordion-content\">\n<figure class=\"wp-block-table is-style-stripes\"><table><thead><tr><th>Elementos<\/th><th>Descripci\u00f3n<\/th><\/tr><\/thead><tbody><tr><td><strong>Descripci\u00f3n:<\/strong><\/td><td>&nbsp;<\/td><\/tr><tr><td><strong>Distribuci\u00f3n:<\/strong><\/td><td>El mamey es similar en apariencia a la magnolia; puede alcanzar m\u00e1s de 20 metros de altura en zonas tropicales; la copa es piramidal, de follaje denso, y el tronco \u2014de fuste recto\u2014 est\u00e1 cubierto por corteza \u00e1spera de color marr\u00f3n-gris\u00e1ceo. Ramillas con l\u00e1tex amarillento. Las hojas son gruesas y de textura cori\u00e1cea, con el haz de color verde oscuro y el env\u00e9s m\u00e1s p\u00e1lido. Son opuestas, simples, de forma el\u00edptica; alcanzan de 15 a 25 cm de longitud y 5 a 10 cm de ancho. Como en el magnolio, est\u00e1n orientadas hacia arriba. &nbsp; Las flores son muy vistosas y fragantes, de color blanco; aparecen solitarias o en racimos de dos o tres unidades. Miden 2 a 2,5 cm de di\u00e1metro. El \u00e1rbol puede ser dioico o hermafrodita indistintamente. &nbsp; Su fruto, aunque se toma habitualmente por una drupa, es en realidad una baya. De forma redondeada, de 8 a 20 cm de di\u00e1metro, est\u00e1 cubierto por una c\u00e1scara gruesa de color gris o pardo terroso, compuesta por la conjunci\u00f3n de exo y mesocarpo; pende de un tallo corto y grueso, y en su \u00e1pice son visibles los restos florales. La pulpa es firme, arom\u00e1tica y muy dulce, de sabor agradable, de color naranja a rojizo; se consume directamente como fruta fresca, o se usa en la preparaci\u00f3n de dulces y refrescos. &nbsp; Una membrana blanca y astringente, parte del mesocarpio, se adhiere a ella en la parte externa. Contiene de 1 a 6 semillas de color pardo y forma oblonga, cuyo jugo deja una mancha indeleble.<\/td><\/tr><tr><td><strong>Usos:<\/strong><\/td><td><strong>Alimenticio:<\/strong> Se consume la fruta y se preparan batidos. Se preparan jugos y dulces. &nbsp; &nbsp; <strong>Medicinal:<\/strong> Se mezcla ron blanco con cascara y se aplica en heridas.<\/td><\/tr><tr><td><strong>Referencias consultadas:<\/strong><\/td><td>\u22b7&nbsp; <em>Mammea americana<\/em>&nbsp;L.&nbsp;in&nbsp;GBIF Secretariat (2021). GBIF Backbone Taxonomy. Checklist dataset&nbsp;<a rel=\"noreferrer noopener\" href=\"https:\/\/doi.org\/10.15468\/39omei\" target=\"_blank\">https:\/\/doi.org\/10.15468\/39omei<\/a>&nbsp;accessed via GBIF.org on 2022-09-27. \u22b7&nbsp; Comisi\u00f3n Nacional para el Conocimiento y Uso de la Biodiversidad (CONABIO). Enciclovida: <em>Mammea americana<\/em>. 19 Sep 2022. Disponible en: <a href=\"https:\/\/enciclovida.mx\/especies\/169465-mammea-americana\">https:\/\/enciclovida.mx\/especies\/169465-mammea-americana<\/a><\/td><\/tr><\/tbody><\/table><figcaption class=\"wp-element-caption\">Flora Especie 6 (Zona 1)<\/figcaption><\/figure>\n<\/div><\/div><\/div>\n<\/div>\n","protected":false},"excerpt":{"rendered":"","protected":false},"author":2,"featured_media":379,"comment_status":"closed","ping_status":"closed","sticky":false,"template":"","format":"standard","meta":{"footnotes":""},"categories":[5],"tags":[],"class_list":["post-309","post","type-post","status-publish","format-standard","has-post-thumbnail","hentry","category-zona1"],"_links":{"self":[{"href":"https:\/\/naturales.ues.edu.sv\/subunidadambiental\/wp-json\/wp\/v2\/posts\/309","targetHints":{"allow":["GET"]}}],"collection":[{"href":"https:\/\/naturales.ues.edu.sv\/subunidadambiental\/wp-json\/wp\/v2\/posts"}],"about":[{"href":"https:\/\/naturales.ues.edu.sv\/subunidadambiental\/wp-json\/wp\/v2\/types\/post"}],"author":[{"embeddable":true,"href":"https:\/\/naturales.ues.edu.sv\/subunidadambiental\/wp-json\/wp\/v2\/users\/2"}],"replies":[{"embeddable":true,"href":"https:\/\/naturales.ues.edu.sv\/subunidadambiental\/wp-json\/wp\/v2\/comments?post=309"}],"version-history":[{"count":6,"href":"https:\/\/naturales.ues.edu.sv\/subunidadambiental\/wp-json\/wp\/v2\/posts\/309\/revisions"}],"predecessor-version":[{"id":1463,"href":"https:\/\/naturales.ues.edu.sv\/subunidadambiental\/wp-json\/wp\/v2\/posts\/309\/revisions\/1463"}],"wp:featuredmedia":[{"embeddable":true,"href":"https:\/\/naturales.ues.edu.sv\/subunidadambiental\/wp-json\/wp\/v2\/media\/379"}],"wp:attachment":[{"href":"https:\/\/naturales.ues.edu.sv\/subunidadambiental\/wp-json\/wp\/v2\/media?parent=309"}],"wp:term":[{"taxonomy":"category","embeddable":true,"href":"https:\/\/naturales.ues.edu.sv\/subunidadambiental\/wp-json\/wp\/v2\/categories?post=309"},{"taxonomy":"post_tag","embeddable":true,"href":"https:\/\/naturales.ues.edu.sv\/subunidadambiental\/wp-json\/wp\/v2\/tags?post=309"}],"curies":[{"name":"wp","href":"https:\/\/api.w.org\/{rel}","templated":true}]}}